{"id":17597,"date":"2026-09-02T00:01:41","date_gmt":"2026-09-01T22:01:41","guid":{"rendered":"https:\/\/www.astrosaf.it\/?p=17597"},"modified":"2026-08-25T18:40:48","modified_gmt":"2026-08-25T16:40:48","slug":"martedi-8-settembre-ore-21-00","status":"publish","type":"post","link":"https:\/\/www.astrosaf.it\/?p=17597","title":{"rendered":"Marted\u00ec 8 settembre ore 21.00 &#8211; Il Cielo in una stanza al&#8230;"},"content":{"rendered":"<h1 style=\"text-align: center;\"><span style=\"color: #993300;\"><em>PLANETARIO &#8220;Francesco Pedani&#8221;<\/em><\/span><\/h1>\n<h2 style=\"text-align: center;\"><span style=\"color: #008000;\"><em>c\/o S. M. &#8216;P. Calamandrei&#8217; &#8211;&nbsp;<\/em><em>Via dei Caboto, 34 &#8211; 50127 Firenze<\/em><\/span><\/h2>\n<p><strong>Poich\u00e9 il numero di posti \u00e8 limitato, \u00e8 necessaria la prenotazione obbligatoria telefonando al 377 1273573 o inviando una email a&nbsp;<a href=\"mailto:presidente@astrosaf.it\">presidente@astrosaf.it<\/a>.<\/strong><\/p>\n<hr>\n<h2><a href=\"https:\/\/www.astrosaf.it\/wp-content\/uploads\/2026\/07\/corso.jpg\"><img loading=\"lazy\" decoding=\"async\" class=\"alignnone size-full wp-image-17539\" src=\"https:\/\/www.astrosaf.it\/wp-content\/uploads\/2026\/07\/corso.jpg\" alt=\"\" width=\"657\" height=\"159\" srcset=\"https:\/\/www.astrosaf.it\/wp-content\/uploads\/2026\/07\/corso.jpg 657w, https:\/\/www.astrosaf.it\/wp-content\/uploads\/2026\/07\/corso-300x73.jpg 300w, https:\/\/www.astrosaf.it\/wp-content\/uploads\/2026\/07\/corso-624x151.jpg 624w\" sizes=\"auto, (max-width: 657px) 100vw, 657px\" \/><\/a><\/h2>\n<h3 style=\"text-align: center;\"><em>per info ed iscrizioni clicca <a href=\"https:\/\/www.astrosaf.it\/?page_id=16890\">QUI&#8217;<\/a><\/em><\/h3>\n<hr>\n<h2 style=\"text-align: center;\"><span style=\"color: #000080;\"><em><span style=\"background-color: #ff6600;\"><strong><a style=\"color: #000080;\" href=\"https:\/\/www.astrosaf.it\/?page_id=7204\">Iscriviti o rinnova la tua iscrizione alla S.A.F. APS<\/a><\/strong><\/span><\/em><\/span><\/h2>\n<hr>\n<h2 style=\"text-align: center;\">&nbsp;&nbsp;<em><span style=\"color: #ffff00;\">&nbsp;<\/span><\/em><span style=\"color: #800000; background-color: #ffff00;\"><em><a style=\"color: #800000; background-color: #ffff00;\" href=\"https:\/\/www.astrosaf.it\/?page_id=6583\">DONA il tuo 5 per mille alla S.A.F APS<\/a><\/em><\/span><\/h2>\n","protected":false},"excerpt":{"rendered":"<p>PLANETARIO &#8220;Francesco Pedani&#8221; c\/o S. M. &#8216;P. Calamandrei&#8217; &#8211;&nbsp;Via dei Caboto, 34 &#8211; 50127 Firenze Poich\u00e9 il numero di posti \u00e8 limitato, \u00e8 necessaria la prenotazione obbligatoria telefonando al 377 1273573 o inviando una email a&nbsp;presidente@astrosaf.it. per info ed iscrizioni clicca QUI&#8217; Iscriviti o rinnova la tua iscrizione alla S.A.F. APS &nbsp;&nbsp;&nbsp;DONA il tuo 5 [&hellip;]<\/p>\n","protected":false},"author":2,"featured_media":0,"comment_status":"closed","ping_status":"closed","sticky":false,"template":"","format":"standard","meta":{"ngg_post_thumbnail":0,"footnotes":""},"categories":[4],"tags":[],"class_list":["post-17597","post","type-post","status-publish","format-standard","hentry","category-conferenza_astronomia"],"_links":{"self":[{"href":"https:\/\/www.astrosaf.it\/index.php?rest_route=\/wp\/v2\/posts\/17597","targetHints":{"allow":["GET"]}}],"collection":[{"href":"https:\/\/www.astrosaf.it\/index.php?rest_route=\/wp\/v2\/posts"}],"about":[{"href":"https:\/\/www.astrosaf.it\/index.php?rest_route=\/wp\/v2\/types\/post"}],"author":[{"embeddable":true,"href":"https:\/\/www.astrosaf.it\/index.php?rest_route=\/wp\/v2\/users\/2"}],"replies":[{"embeddable":true,"href":"https:\/\/www.astrosaf.it\/index.php?rest_route=%2Fwp%2Fv2%2Fcomments&post=17597"}],"version-history":[{"count":6,"href":"https:\/\/www.astrosaf.it\/index.php?rest_route=\/wp\/v2\/posts\/17597\/revisions"}],"predecessor-version":[{"id":17605,"href":"https:\/\/www.astrosaf.it\/index.php?rest_route=\/wp\/v2\/posts\/17597\/revisions\/17605"}],"wp:attachment":[{"href":"https:\/\/www.astrosaf.it\/index.php?rest_route=%2Fwp%2Fv2%2Fmedia&parent=17597"}],"wp:term":[{"taxonomy":"category","embeddable":true,"href":"https:\/\/www.astrosaf.it\/index.php?rest_route=%2Fwp%2Fv2%2Fcategories&post=17597"},{"taxonomy":"post_tag","embeddable":true,"href":"https:\/\/www.astrosaf.it\/index.php?rest_route=%2Fwp%2Fv2%2Ftags&post=17597"}],"curies":[{"name":"wp","href":"https:\/\/api.w.org\/{rel}","templated":true}]}}